{"id":26153,"date":"2025-01-04T03:12:56","date_gmt":"2025-01-04T11:12:56","guid":{"rendered":"https:\/\/chansmachining.com\/az-uv-allo-muanyagok-vegso-utmutatoja-anyagok-tulajdonsagok-es-alkalmazasok\/"},"modified":"2025-01-04T03:29:45","modified_gmt":"2025-01-04T11:29:45","slug":"az-uv-allo-muanyagok-vegso-utmutatoja-anyagok-tulajdonsagok-es-alkalmazasok","status":"publish","type":"post","link":"https:\/\/chansmachining.com\/hu\/az-uv-allo-muanyagok-vegso-utmutatoja-anyagok-tulajdonsagok-es-alkalmazasok\/","title":{"rendered":"Az UV-\u00e1ll\u00f3 m\u0171anyagok v\u00e9gs\u0151 \u00fatmutat\u00f3ja: Anyagok, tulajdons\u00e1gok \u00e9s alkalmaz\u00e1sok"},"content":{"rendered":"\n<h2 class=\"wp-block-heading\" id=\"A4mR-1735988521650\"><strong>Mi az UV-sug\u00e1rz\u00e1s?<\/strong><\/h2>\n<div class=\"wp-block-image\">\n<figure class=\"aligncenter size-full\"><img fetchpriority=\"high\" decoding=\"async\" width=\"700\" height=\"276\" src=\"https:\/\/chansmachining.com\/wp-content\/uploads\/2025\/01\/UV-Resistant-Plastics-1.jpg\" alt=\"UV-&#xE1;ll&#xF3; m&#x171;anyagok\" class=\"wp-image-26014\" srcset=\"https:\/\/chansmachining.com\/wp-content\/uploads\/2025\/01\/UV-Resistant-Plastics-1.jpg 700w, https:\/\/chansmachining.com\/wp-content\/uploads\/2025\/01\/UV-Resistant-Plastics-1-300x118.jpg 300w\" sizes=\"(max-width: 700px) 100vw, 700px\" \/><\/figure><\/div>\n<p>Az UV-sug\u00e1rz\u00e1s az elektrom\u00e1gneses energia egy olyan t\u00edpusa, amelyet nem l\u00e1tunk. Frekvenciatartom\u00e1nya a l\u00e1that\u00f3 f\u00e9ny \u00e9s a r\u00f6ntgensug\u00e1rz\u00e1s k\u00f6z\u00f6tt van. A frekvencia alapj\u00e1n h\u00e1rom csoportra oszthat\u00f3: UVA, UVB \u00e9s UVC. Az UVB \u00e9s az UVC a legk\u00e1rosabb a m\u0171anyagokra \u00e9s a b\u0151rre.<br\/><br\/>Az UV-energia legt\u00f6bbsz\u00f6r a napb\u00f3l sz\u00e1rmazik, de a szol\u00e1rium, a hegeszt\u0151szersz\u00e1mok \u00e9s bizonyos t\u00edpus\u00fa l\u00e1mp\u00e1k is kibocs\u00e1tanak UV-f\u00e9nyt. Az UV-f\u00e9ny a nap bizonyos id\u0151szakaiban, bizonyos \u00e9vszakokban \u00e9s bizonyos helyeken er\u0151sebb.<\/p>\n\n<h3 class=\"wp-block-heading\" id=\"8BAt-1735988521650\"><strong>Hogyan hat az UV a m\u0171anyagokra?<\/strong><\/h3>\n\n<p>Az UV-f\u00e9ny a polimerl\u00e1ncok lebont\u00e1s\u00e1val, azaz fotodegrad\u00e1ci\u00f3val puszt\u00edtja a m\u0171anyagokat. Ez olyan nyilv\u00e1nval\u00f3 v\u00e1ltoz\u00e1sokat okoz, mint a kr\u00e9ta (porszer\u0171 fel\u00fclet), a reped\u00e9s \u00e9s a ridegs\u00e9g, amelynek sor\u00e1n az anyag elvesz\u00edti rugalmass\u00e1g\u00e1t \u00e9s hajlamos a t\u00f6r\u00e9sre.<br\/><br\/>Az UV k\u00e1rosod\u00e1s nemcsak a m\u0171anyagok kin\u00e9zet\u00e9t, hanem mechanikai tulajdons\u00e1gait is befoly\u00e1solja. Id\u0151vel vesz\u00edtenek szak\u00edt\u00f3szil\u00e1rds\u00e1gukb\u00f3l, \u00fct\u00e9s\u00e1ll\u00f3s\u00e1gukb\u00f3l \u00e9s rugalmass\u00e1gukb\u00f3l, ami alkalmatlann\u00e1 teszi \u0151ket rendeltet\u00e9s\u00fckre, \u00e9s id\u0151 el\u0151tti meghib\u00e1sod\u00e1shoz vezet.<br\/><br\/>Az UV-roml\u00e1s m\u00e9rt\u00e9k\u00e9t t\u00f6bb v\u00e1ltoz\u00f3 hat\u00e1rozza meg, t\u00f6bbek k\u00f6z\u00f6tt az expoz\u00edci\u00f3 id\u0151tartama, az UV-sug\u00e1rz\u00e1s intenzit\u00e1sa \u00e9s a hull\u00e1mhossz. A hosszabb expoz\u00edci\u00f3s id\u0151 \u00e9s a nagyobb intenzit\u00e1s\u00fa sug\u00e1rz\u00e1s s\u00falyosabb k\u00e1rosod\u00e1st eredm\u00e9nyez. Az UVB \u00e9s m\u00e1s r\u00f6videbb UV hull\u00e1mhossz\u00fa sug\u00e1rz\u00e1s rendk\u00edv\u00fcl k\u00e1ros.<\/p>\n\n<h2 class=\"wp-block-heading\" id=\"pE5h-1735988521650\"><strong>Mi az UV-\u00e1ll\u00f3 m\u0171anyag<\/strong>?<\/h2>\n<div class=\"wp-block-image\">\n<figure class=\"aligncenter size-large is-resized\"><img decoding=\"async\" width=\"1024\" height=\"768\" src=\"https:\/\/chansmachining.com\/wp-content\/uploads\/2025\/01\/UV-Resistant-Plastic-1024x768.jpg\" alt=\"UV-&#xE1;ll&#xF3; m&#x171;anyag\" class=\"wp-image-26036\" style=\"width:416px;height:auto\" srcset=\"https:\/\/chansmachining.com\/wp-content\/uploads\/2025\/01\/UV-Resistant-Plastic-1024x768.jpg 1024w, https:\/\/chansmachining.com\/wp-content\/uploads\/2025\/01\/UV-Resistant-Plastic-300x225.jpg 300w, https:\/\/chansmachining.com\/wp-content\/uploads\/2025\/01\/UV-Resistant-Plastic-768x576.jpg 768w, https:\/\/chansmachining.com\/wp-content\/uploads\/2025\/01\/UV-Resistant-Plastic-1536x1152.jpg 1536w, https:\/\/chansmachining.com\/wp-content\/uploads\/2025\/01\/UV-Resistant-Plastic-2048x1536.jpg 2048w\" sizes=\"(max-width: 1024px) 100vw, 1024px\" \/><\/figure><\/div>\n<p>Az UV-\u00e1ll\u00f3 polimereket \u00fagy tervezt\u00e9k, hogy a folyamatos UV-expoz\u00edci\u00f3t leboml\u00e1s n\u00e9lk\u00fcl t\u00fal\u00e9lj\u00e9k. A speci\u00e1lis k\u00e9sz\u00edtm\u00e9nyek \u00e9s adal\u00e9kanyagok megv\u00e9dik a polimerl\u00e1ncokat az UV-sugarakt\u00f3l, \u00edgy egyes polimerek UV-ellen\u00e1ll\u00f3v\u00e1 v\u00e1lnak.<br\/><br\/>Az UV-f\u00e9ny lebontja a m\u0171anyag k\u00e9miai k\u00f6t\u00e9seket, ami eszt\u00e9tikai \u00e9s szerkezeti neh\u00e9zs\u00e9geket okoz. Az UV-\u00e1ll\u00f3 anyagok sz\u00fcks\u00e9gesek a k\u00fclt\u00e9ri \u00e9s UV-nek kitett t\u00e1rgyakhoz.<br\/><br\/>Az UV-f\u00e9ny a polimerek fel\u00fclet\u00e9n s\u00e1rgul\u00e1st vagy kr\u00e9t\u00e1sod\u00e1st, szak\u00edt\u00f3 gyenges\u00e9get \u00e9s ridegs\u00e9get okoz. Ezek a hib\u00e1k k\u00e1ros\u00edtj\u00e1k az anyag tart\u00f3ss\u00e1g\u00e1t \u00e9s teljes\u00edtm\u00e9ny\u00e9t. Az UV-\u00e1ll\u00f3 polimerek cs\u00f6kkentik ezeket a vesz\u00e9lyeket \u00e9s meghosszabb\u00edtj\u00e1k a term\u00e9k \u00e9lettartam\u00e1t.<\/p>\n\n<h2 class=\"wp-block-heading\" id=\"cXFO-1735988521650\"><strong>Mi\u00e9rt v\u00e1lasszuk az UV-\u00e1ll\u00f3 m\u0171anyagokat?<\/strong><\/h2>\n\n<h3 class=\"wp-block-heading\" id=\"109M-1735988521650\">Az elsz\u00ednez\u0151d\u00e9s \u00e9s a leboml\u00e1s megel\u0151z\u00e9se<\/h3>\n\n<p>Az UV-\u00e1ll\u00f3 m\u0171anyagok v\u00e1laszt\u00e1s\u00e1nak egyik f\u0151 oka, hogy nem fakulnak ki \u00e9s nem mennek t\u00f6nkre. Az \u00e1ltal\u00e1nosan haszn\u00e1lt m\u0171anyagok kifakulhatnak, megs\u00e1rgulhatnak \u00e9s megkoszol\u00f3dhatnak, ha napf\u00e9nynek vannak kit\u00e9ve, ami a term\u00e9ket rosszul mutathatja, \u00e9s cs\u00f6kkentheti az \u00e9rt\u00e9k\u00e9t. Az UV-f\u00e9nynek ellen\u00e1ll\u00f3 m\u0171anyagok hosszabb ideig meg\u0151rzik ugyanazt a sz\u00ednt \u00e9s fel\u00fcletet.<\/p>\n\n<h3 class=\"wp-block-heading\" id=\"0wqK-1735988521650\"><strong>A m\u0171anyag term\u00e9kek \u00e9lettartam\u00e1nak meghosszabb\u00edt\u00e1sa<\/strong><\/h3>\n\n<p>Amellett, hogy a dolgok rosszul n\u00e9znek ki, az UV-sugarak jelent\u0151sen ler\u00f6vid\u00edthetik a m\u0171anyag t\u00e1rgyak \u00e9lettartam\u00e1t. Az UV-\u00e1ll\u00f3 anyagok hosszabb \u00e9lettartam\u00faak \u00e9s megb\u00edzhat\u00f3bbak, mivel hosszabb ideig b\u00edrj\u00e1k az id\u0151j\u00e1r\u00e1snak val\u00f3 kitetts\u00e9get an\u00e9lk\u00fcl, hogy t\u00f6nkremenne. A cser\u00e9k sz\u00e1m\u00e1nak cs\u00f6kken\u00e9se id\u0151vel sok p\u00e9nzt takar\u00edthat meg.<\/p>\n\n<h3 class=\"wp-block-heading\" id=\"4MOi-1735988521650\"><strong>Szerkezeti integrit\u00e1s \u00e9s teljes\u00edtm\u00e9ny fenntart\u00e1sa<\/strong><\/h3>\n\n<p>A m\u0171anyagok ellen\u00e1ll\u00f3k\u00e9pess\u00e9ge a term\u00e9szetes ig\u00e9nybev\u00e9teleknek, p\u00e9ld\u00e1ul az UV-sug\u00e1rz\u00e1snak, k\u00f6zvetlen\u00fcl \u00f6sszef\u00fcgg azzal, hogy mennyire j\u00f3l b\u00edrj\u00e1k a szerkezet\u00fcket. A gy\u00e1rt\u00f3k az UV-f\u00e9nynek ellen\u00e1ll\u00f3 m\u0171anyagok haszn\u00e1lat\u00e1val biztos\u00edthatj\u00e1k, hogy term\u00e9keik hossz\u00fa t\u00e1von meg\u0151rizz\u00e9k a sz\u00fcks\u00e9ges mechanikai tulajdons\u00e1gaikat.<\/p>\n\n<h2 class=\"wp-block-heading\" id=\"5P6X-1735988521650\"><strong>Az UV-\u00e1ll\u00f3 m\u0171anyagok t\u00edpusai<\/strong><\/h2>\n<div class=\"wp-block-image\">\n<figure class=\"aligncenter size-large is-resized\"><img decoding=\"async\" width=\"1024\" height=\"649\" src=\"https:\/\/chansmachining.com\/wp-content\/uploads\/2025\/01\/plastic-uv-resistance-chart-1024x649.jpg\" alt=\"m&#x171;anyag uv ellen&#xE1;ll&#xE1;s diagram\" class=\"wp-image-26080\" style=\"width:647px;height:auto\" srcset=\"https:\/\/chansmachining.com\/wp-content\/uploads\/2025\/01\/plastic-uv-resistance-chart-1024x649.jpg 1024w, https:\/\/chansmachining.com\/wp-content\/uploads\/2025\/01\/plastic-uv-resistance-chart-300x190.jpg 300w, https:\/\/chansmachining.com\/wp-content\/uploads\/2025\/01\/plastic-uv-resistance-chart-768x487.jpg 768w, https:\/\/chansmachining.com\/wp-content\/uploads\/2025\/01\/plastic-uv-resistance-chart.jpg 1232w\" sizes=\"(max-width: 1024px) 100vw, 1024px\" \/><figcaption class=\"wp-element-caption\">m\u0171anyag uv ellen\u00e1ll\u00e1s diagram<\/figcaption><\/figure><\/div>\n<h3 class=\"wp-block-heading\" id=\"BLk5-1735988521650\"><strong>\u00c1ltal\u00e1nos c\u00e9l\u00fa UV-\u00e1ll\u00f3 m\u0171anyagok<\/strong><\/h3>\n\n<h4 class=\"wp-block-heading\" id=\"YJbS-1735988521650\"><strong>Nagy s\u0171r\u0171s\u00e9g\u0171 polietil\u00e9n (HDPE): HDPE: Tulajdons\u00e1gok \u00e9s alkalmaz\u00e1sok<\/strong><\/h4>\n\n<p>A HDPE rugalmas m\u0171anyag, amely az\u00e9rt n\u00e9pszer\u0171, mert s\u00faly\u00e1hoz k\u00e9pest er\u0151s, \u00e9s nem l\u00e9p reakci\u00f3ba a vegyi anyagokkal. B\u00e1r \u00e1ltal\u00e1ban nem ellen\u00e1ll az UV-f\u00e9nynek, UV-v\u00e9d\u0151kkel kieg\u00e9sz\u00edtve hosszabb \u00e9lettartam\u00fav\u00e1 tehet\u0151 k\u00fclt\u00e9ri k\u00f6rnyezetben. Gyakran haszn\u00e1lj\u00e1k cs\u00f6vekhez, k\u00fclt\u00e9ri b\u00fatorokhoz \u00e9s hord\u00f3khoz.<\/p>\n\n<h4 class=\"wp-block-heading\" id=\"ecTh-1735988521650\"><strong>Akrilnitril-sztirol-akril\u00e1t (ASA): tulajdons\u00e1gok \u00e9s alkalmaz\u00e1sok<\/strong><\/h4>\n\n<p>Az ASA egy h\u0151re l\u00e1gyul\u00f3 m\u0171anyag, amely jobban ellen\u00e1ll az id\u0151j\u00e1r\u00e1snak \u00e9s az UV-f\u00e9nynek, mint az ABS. Mivel rendk\u00edv\u00fcl ellen\u00e1ll a nyom\u00e1snak, \u00e9s nem v\u00e1ltoztatja meg k\u00f6nnyen az alakj\u00e1t, haszn\u00e1lhat\u00f3 aut\u00f3k k\u00fcls\u0151 burkolat\u00e1hoz, \u00e9p\u00fcletr\u00e9szekhez \u00e9s k\u00fclt\u00e9ri elektromos h\u00e1zakhoz.<\/p>\n\n<h3 class=\"wp-block-heading\" id=\"rwWU-1735988521650\"><strong>Nagy teljes\u00edtm\u00e9ny\u0171 UV-\u00e1ll\u00f3 m\u0171anyagok<\/strong><\/h3>\n\n<h4 class=\"wp-block-heading\" id=\"aD6u-1735988521650\"><strong>Akril (PMMA): Tulajdons\u00e1gok \u00e9s alkalmaz\u00e1sok<\/strong><\/h4>\n\n<p>Az akril, m\u00e1s n\u00e9ven PMMA arr\u00f3l ismert, hogy nagyon tiszta \u00e9s UV-f\u00e9nyben stabil. Gyakran haszn\u00e1lj\u00e1k olyan helyeken, ahol tiszta l\u00e1t\u00e1sra \u00e9s er\u0151s s\u00e1rgul\u00e1s\u00e1ll\u00f3s\u00e1gra van sz\u00fcks\u00e9g, mint p\u00e9ld\u00e1ul szem\u00fcvegek, vitrinek \u00e9s aut\u00f3l\u00e1mp\u00e1k. M\u00e1s \u00e1ltal\u00e1nos c\u00e9l\u00fa m\u0171anyagok nem olyan ellen\u00e1ll\u00f3ak az UV-f\u00e9nnyel szemben, mint a PMMA.<\/p>\n\n<h4 class=\"wp-block-heading\" id=\"m4aY-1735988521650\"><strong>Polikarbon\u00e1t (PC): Tulajdons\u00e1gok \u00e9s alkalmaz\u00e1sok<\/strong><\/h4>\n\n<p>A polikarbon\u00e1t egy kem\u00e9ny, \u00e1tl\u00e1tsz\u00f3 h\u0151re l\u00e1gyul\u00f3 m\u0171anyag, amely nagy \u00fct\u00e9s\u00e1ll\u00f3s\u00e1got \u00e9s j\u00f3 UV-stabilit\u00e1st biztos\u00edt. Szem\u00fcvegek, g\u00e9pj\u00e1rm\u0171vek f\u00e9nysz\u00f3r\u00f3inak lencs\u00e9i \u00e9s k\u00fclt\u00e9ri feliratok eset\u00e9ben haszn\u00e1lj\u00e1k, ahol egyszerre van sz\u00fcks\u00e9g tart\u00f3ss\u00e1gra \u00e9s \u00e1tl\u00e1that\u00f3s\u00e1gra.<\/p>\n\n<h4 class=\"wp-block-heading\" id=\"wdbp-1735988521650\"><strong>Poli\u00e9terimid (PEI): <\/strong><\/h4>\n\n<p>A PEI egy nagy teljes\u00edtm\u00e9ny\u0171 polimer, amely nagy szil\u00e1rds\u00e1g\u00e1r\u00f3l, h\u0151\u00e1ll\u00f3s\u00e1g\u00e1r\u00f3l \u00e9s j\u00f3 UV-stabilit\u00e1s\u00e1r\u00f3l ismert. Olyan ig\u00e9nyes alkalmaz\u00e1sokban haszn\u00e1lj\u00e1k, mint a rep\u00fcl\u0151g\u00e9p- \u00e9s \u0171rtechnikai alkatr\u00e9szek, orvosi eszk\u00f6z\u00f6k \u00e9s elektromos csatlakoz\u00f3k.<\/p>\n\n<h4 class=\"wp-block-heading\" id=\"6u8F-1735988521650\"><strong>Polifenil\u00e9n-szulfid (PPS): PPSOLYPEX: Tulajdons\u00e1gok \u00e9s alkalmaz\u00e1sok<\/strong><\/h4>\n\n<p>A PPS egy egyed\u00fcl\u00e1ll\u00f3 m\u0171szaki m\u0171anyag, amely magas h\u0151m\u00e9rs\u00e9kleten is j\u00f3l teljes\u00edt, \u00e9s kiv\u00e1l\u00f3 k\u00e9miai ellen\u00e1ll\u00f3 k\u00e9pess\u00e9ggel rendelkezik. Ipari \u00e9s aut\u00f3ipari alkatr\u00e9szekben haszn\u00e1lj\u00e1k, \u00e9s b\u00e1r \u00f6nmag\u00e1ban nem UV-\u00e1ll\u00f3, vegyi anyagok hozz\u00e1ad\u00e1s\u00e1val stabilabb\u00e1 tehet\u0151.<\/p>\n\n<h4 class=\"wp-block-heading\" id=\"A2cq-1735988521650\"><strong>Poliamid-imid (PAI): tulajdons\u00e1gok \u00e9s alkalmaz\u00e1sok<\/strong><\/h4>\n\n<p>B\u00e1r a PAI dr\u00e1g\u00e1bb lehet, mint m\u00e1s m\u0171anyagok, figyelemre m\u00e9lt\u00f3 szil\u00e1rds\u00e1ga, h\u0151\u00e1ll\u00f3s\u00e1ga \u00e9s m\u00e9retstabilit\u00e1sa miatt nagy teljes\u00edtm\u00e9ny\u0171 polimer, amelyet magas h\u0151m\u00e9rs\u00e9kleten val\u00f3 m\u0171k\u00f6d\u0151k\u00e9pess\u00e9ge miatt az aut\u00f3iparban \u00e9s a rep\u00fcl\u0151g\u00e9piparban haszn\u00e1lt alkatr\u00e9szekn\u00e9l kem\u00e9ny UV k\u00f6r\u00fclm\u00e9nyek k\u00f6z\u00f6tt is alkalmaznak.<\/p>\n\n<h4 class=\"wp-block-heading\" id=\"F47C-1735988521650\"><strong>Polyvinilfluorid (PVDF): Tulajdons\u00e1gok \u00e9s alkalmaz\u00e1sok<\/strong><\/h4>\n\n<p>A PVDF-et kiemelked\u0151 k\u00e9miai inertit\u00e1sa, ellens\u00e9ges k\u00f6r\u00fclm\u00e9nyekkel szembeni tart\u00f3ss\u00e1ga \u00e9s nagyfok\u00fa UV-ellen\u00e1ll\u00f3s\u00e1ga jellemzi. F\u00f3liak\u00e9nt \u00e9s bevonatk\u00e9nt napelemekben, \u00e9p\u00edt\u00e9szeti membr\u00e1nokban \u00e9s vegyipari berendez\u00e9sekben haszn\u00e1lj\u00e1k.<\/p>\n\n<h2 class=\"wp-block-heading\" id=\"cMPa-1735988521650\"><strong>Az UV-\u00e1ll\u00f3 m\u0171anyagok kiv\u00e1laszt\u00e1sakor figyelembe veend\u0151 legfontosabb tulajdons\u00e1gok<\/strong><\/h2>\n\n<h3 class=\"wp-block-heading\" id=\"w9pe-1735988521650\"><strong>UV-ellen\u00e1ll\u00f3s\u00e1gi besorol\u00e1s \u00e9s vizsg\u00e1lati szabv\u00e1nyok<\/strong>s<\/h3>\n\n<h4 class=\"wp-block-heading\" id=\"W3SD-1735988521650\"><strong>Az UV-oszt\u00e1lyoz\u00e1si sk\u00e1l\u00e1k \u00e9s az ISO-szabv\u00e1nyok megismer\u00e9se<\/strong><\/h4>\n\n<p>Az UV-ellen\u00e1ll\u00f3s\u00e1got gyakran szabv\u00e1nyos\u00edtott vizsg\u00e1lati elj\u00e1r\u00e1sokkal m\u00e9rik, p\u00e9ld\u00e1ul az ISO \u00e1ltal meghat\u00e1rozottakkal. Ezek a szabv\u00e1nyok lehet\u0151v\u00e9 teszik a gy\u00e1rt\u00f3k sz\u00e1m\u00e1ra, hogy \u00e9rt\u00e9kelj\u00e9k \u00e9s \u00f6sszehasonl\u00edts\u00e1k a polimerek UV-sug\u00e1rz\u00e1st t\u00fal\u00e9l\u0151 k\u00e9pess\u00e9g\u00e9t, \u00e9s \u00edgy kiv\u00e1laszthass\u00e1k az adott felhaszn\u00e1l\u00e1si c\u00e9lokra legalkalmasabb anyagot. E sk\u00e1l\u00e1k meg\u00e9rt\u00e9se pontosabb\u00e1 teszi az anyagv\u00e1laszt\u00e1st.<\/p>\n\n<h3 class=\"wp-block-heading\" id=\"LJA9-1735988521650\"><strong>Mechanikai tulajdons\u00e1gok<\/strong><\/h3>\n\n<h4 class=\"wp-block-heading\" id=\"8lFV-1735988521650\"><strong>SZil\u00e1rds\u00e1g \u00e9s \u00fct\u00e9s\u00e1ll\u00f3s\u00e1g<\/strong><\/h4>\n\n<p>Az UV-\u00e1ll\u00f3 m\u0171anyag kiv\u00e1laszt\u00e1sakor figyelembe kell venni az olyan mechanikai jellemz\u0151ket, mint a szak\u00edt\u00f3szil\u00e1rds\u00e1g &#8211; a h\u00faz\u00f3er\u0151k elvisel\u00e9s\u00e9nek k\u00e9pess\u00e9ge &#8211; \u00e9s az \u00fct\u00e9s\u00e1ll\u00f3s\u00e1g &#8211; a hirtelen fell\u00e9p\u0151 er\u0151k elvisel\u00e9s\u00e9nek k\u00e9pess\u00e9ge. A hossz\u00fa t\u00e1v\u00fa haszn\u00e1lathoz elengedhetetlen, hogy olyan anyagot v\u00e1lasszunk, amely term\u00e9szetesen robusztus \u00e9s tart\u00f3s, mivel az UV-hat\u00e1s ronthatja ezeket a tulajdons\u00e1gokat.<\/p>\n\n<h4 class=\"wp-block-heading\" id=\"9icF-1735988521650\"><strong>Hosszabb\u00edt\u00e1s a sz\u00fcnetben<\/strong><\/h4>\n\n<p>Az egyik legfontosabb mechanikai jellemz\u0151 a szakad\u00e1si ny\u00fal\u00e1s, vagyis az a fesz\u00fclts\u00e9g, amelyet egy anyag a t\u00f6r\u00e9s el\u0151tt elvisel. A k\u00fcl\u00f6nb\u00f6z\u0151 k\u00fcls\u0151 k\u00f6r\u00fclm\u00e9nyeknek kitett t\u00e1rgyak eset\u00e9ben d\u00f6nt\u0151 fontoss\u00e1g\u00fa, hogy azok a m\u0171anyagok, amelyeknek az UV-expoz\u00edci\u00f3t k\u00f6vet\u0151en nagy a szakad\u00e1si ny\u00fal\u00e1sa, rugalmasabbak \u00e9s kev\u00e9sb\u00e9 t\u00f6rnek \u00f6ssze.<\/p>\n\n<h3 class=\"wp-block-heading\" id=\"dKpD-1735988521650\"><strong>K\u00e9miai ellen\u00e1ll\u00e1s<\/strong><\/h3>\n\n<h4 class=\"wp-block-heading\" id=\"iXCa-1735988521650\"><strong>Nedvess\u00e9ggel, savakkal \u00e9s egy\u00e9b vegyi anyagokkal szembeni ellen\u00e1ll\u00f3 k\u00e9pess\u00e9g<\/strong><\/h4>\n\n<p>A m\u0171anyag k\u00e9miai ellen\u00e1ll\u00e1sa hat\u00e1rozza meg, hogy mennyire k\u00e9pes elviselni a k\u00fcl\u00f6nb\u00f6z\u0151 vegyi anyagokat, ami kritikus fontoss\u00e1g\u00fa. Az anyagok kiv\u00e1laszt\u00e1sakor, k\u00fcl\u00f6n\u00f6sen ipari vagy k\u00fclt\u00e9ri alkalmaz\u00e1sokhoz, kritikus fontoss\u00e1g\u00fa, hogy meg\u00e9rts\u00fck, mennyire \u00e1llnak ellen a k\u00f6rnyezet\u00fckben l\u00e9v\u0151 nedvess\u00e9gnek, savaknak \u00e9s egy\u00e9b vegyi anyagoknak. Ez megv\u00e9di a m\u0171anyagot a k\u00e1rosod\u00e1st\u00f3l.<\/p>\n\n<h3 class=\"wp-block-heading\" id=\"TNeY-1735988521650\"><strong>Thermikus tulajdons\u00e1gok<\/strong><\/h3>\n\n<h4 class=\"wp-block-heading\" id=\"rc4C-1735988521650\"><strong>H\u0151terel\u00e9si h\u0151m\u00e9rs\u00e9klet<\/strong><\/h4>\n\n<p>A h\u0151hajl\u00edt\u00e1si h\u0151m\u00e9rs\u00e9klet (HDT) az a h\u0151m\u00e9rs\u00e9klet, amelyen egy anyag fesz\u00fclts\u00e9g hat\u00e1s\u00e1ra hajlani kezd. Az olyan alkalmaz\u00e1sokn\u00e1l, ahol a m\u0171anyag h\u0151nek \u00e9s UV-sug\u00e1rz\u00e1snak egyar\u00e1nt ki van t\u00e9ve, az elfogadhat\u00f3 HDT-vel rendelkez\u0151 anyagok kiv\u00e1laszt\u00e1sa kritikus fontoss\u00e1g\u00fa a mechanikai integrit\u00e1s \u00e9s a m\u00e9retstabilit\u00e1s biztos\u00edt\u00e1sa \u00e9rdek\u00e9ben sz\u00e9les h\u0151m\u00e9rs\u00e9klettartom\u00e1nyban.<\/p>\n\n<h3 class=\"wp-block-heading\" id=\"QNjb-1735988521650\"><strong>K\u00f6lts\u00e9g \u00e9s el\u00e9rhet\u0151s\u00e9g<\/strong><\/h3>\n\n<h4 class=\"wp-block-heading\" id=\"0vKL-1735988521650\"><strong>Az anyagk\u00f6lts\u00e9get befoly\u00e1sol\u00f3 t\u00e9nyez\u0151k<\/strong><\/h4>\n\n<p>Az UV-\u00e1ll\u00f3 polimerek k\u00f6lts\u00e9g\u00e9t k\u00fcl\u00f6nb\u00f6z\u0151 v\u00e1ltoz\u00f3k hat\u00e1rozz\u00e1k meg, bele\u00e9rtve a polimer fajt\u00e1j\u00e1t, a gy\u00e1rt\u00e1s bonyolults\u00e1g\u00e1t \u00e9s az UV-ellen\u00e1ll\u00e1s n\u00f6vel\u00e9s\u00e9hez sz\u00fcks\u00e9ges kieg\u00e9sz\u00edt\u00e9seket. Az UV-v\u00e9delemmel rendelkez\u0151, nagy teljes\u00edtm\u00e9ny\u0171 polimerek n\u00e9ha t\u00f6bbe ker\u00fclnek, mint az \u00e1ltal\u00e1nos c\u00e9l\u00fa v\u00e1laszt\u00e1sok.<\/p>\n\n<h3 class=\"wp-block-heading\" id=\"gkTf-1735988521650\"><strong>Az ell\u00e1t\u00e1si l\u00e1ncra vonatkoz\u00f3 megfontol\u00e1sok<\/strong><\/h3>\n\n<p>Az ell\u00e1t\u00e1si l\u00e1nccal kapcsolatos t\u00e9nyez\u0151k, mint p\u00e9ld\u00e1ul a nyersanyagok \u00e9s a gy\u00e1rt\u00e1si kapacit\u00e1s el\u00e9rhet\u0151s\u00e9ge, befoly\u00e1solhatj\u00e1k az UV-\u00e1ll\u00f3 polimerek k\u00f6lts\u00e9g\u00e9t \u00e9s \u00e1tfut\u00e1si idej\u00e9t. A rendszeres termel\u00e9s \u00e9s sz\u00e1ll\u00edt\u00e1s fenntart\u00e1s\u00e1hoz elengedhetetlen az \u00e1ruk megb\u00edzhat\u00f3 forr\u00e1sokb\u00f3l t\u00f6rt\u00e9n\u0151 beszerz\u00e9se \u00e9s a k\u00e9sedelmek cs\u00f6kkent\u00e9s\u00e9re ir\u00e1nyul\u00f3 el\u0151zetes strat\u00e9giaalkot\u00e1s.<\/p>\n\n<h2 class=\"wp-block-heading\" id=\"GkaW-1735988521650\"><strong>Az UV-\u00e1ll\u00f3 m\u0171anyagok alkalmaz\u00e1sai<\/strong><\/h2>\n\n<h3 class=\"wp-block-heading\" id=\"xFKb-1735988521650\"><strong>K\u00fclt\u00e9ri alkalmaz\u00e1sok<\/strong><\/h3>\n\n<h4 class=\"wp-block-heading\" id=\"L3XD-1735988521650\"><strong>Aut\u00f3alkatr\u00e9szek (k\u00fcls\u0151 d\u00edsz\u00edt\u0151elemek, karossz\u00e9riaelemek)<\/strong><\/h4>\n\n<p>Az UV-\u00e1ll\u00f3 polimereket sz\u00e9les k\u00f6rben haszn\u00e1lj\u00e1k aut\u00f3alkatr\u00e9szekben, p\u00e9ld\u00e1ul k\u00fcls\u0151 d\u00edsz\u00edt\u00e9sekben, karossz\u00e9riaelemekben \u00e9s l\u00f6kh\u00e1r\u00edt\u00f3kban. Ezeknek az alkatr\u00e9szeknek ellen kell \u00e1llniuk a napf\u00e9nynek val\u00f3 tart\u00f3s kitetts\u00e9gnek an\u00e9lk\u00fcl, hogy kifakuln\u00e1nak, megrepedn\u00e9nek vagy elvesz\u00edten\u00e9k szerkezeti integrit\u00e1sukat, ez\u00e9rt speci\u00e1lisan tervezett polimereket haszn\u00e1lnak.<\/p>\n\n<h4 class=\"wp-block-heading\" id=\"TUye-1735988521650\"><strong>\u00c9p\u00edt\u0151anyagok (iparv\u00e1g\u00e1ny, tet\u0151fed\u00e9s, ablakok)<\/strong><\/h4>\n\n<p>Az UV-\u00e1ll\u00f3 polimereket az \u00e9p\u00edt\u0151iparban ablak-, tet\u0151fed\u0151 \u00e9s iparv\u00e1g\u00e1ny-elemekn\u00e9l haszn\u00e1lj\u00e1k. Ezek az anyagok seg\u00edtenek meg\u0151rizni az \u00e9p\u00fcletek eszt\u00e9tikai vonzerej\u00e9t, mik\u00f6zben cs\u00f6kkentik a jav\u00edt\u00e1sok vagy cser\u00e9k gyakoris\u00e1g\u00e1t az\u00e1ltal, hogy hossz\u00fa t\u00e1v\u00fa v\u00e9delmet ny\u00fajtanak a nap k\u00e1ros sugarai ellen.<\/p>\n\n<h4 class=\"wp-block-heading\" id=\"j7g0-1735988521651\"><strong>Mez\u0151gazdas\u00e1gi term\u00e9kek (\u00fcvegh\u00e1zi f\u00f3li\u00e1k, \u00f6nt\u00f6z\u0151cs\u00f6vek)<\/strong><\/h4>\n\n<p>Az UV-\u00e1ll\u00f3 polimereket sz\u00e9les k\u00f6rben haszn\u00e1lj\u00e1k a mez\u0151gazdas\u00e1gban v\u00e9d\u0151burkolatok, \u00f6nt\u00f6z\u0151cs\u00f6vek \u00e9s \u00fcvegh\u00e1zi f\u00f3li\u00e1k k\u00e9sz\u00edt\u00e9s\u00e9re. Mivel ezek a polimerek \u00fagy k\u00e9sz\u00fclnek, hogy kib\u00edrj\u00e1k a hosszan tart\u00f3 intenz\u00edv naps\u00fct\u00e9st, a gazd\u00e1lkod\u00f3k n\u00f6velhetik a term\u00e9shozamot \u00e9s hat\u00e9konyan gazd\u00e1lkodhatnak er\u0151forr\u00e1saikkal, p\u00e9ld\u00e1ul az \u00f6nt\u00f6z\u0151v\u00edzzel.<\/p>\n\n<h4 class=\"wp-block-heading\" id=\"q5M9-1735988521651\"><strong>K\u00fclt\u00e9ri b\u00fatorok<\/strong><\/h4>\n<div class=\"wp-block-image\">\n<figure class=\"aligncenter size-large is-resized\"><img loading=\"lazy\" decoding=\"async\" width=\"768\" height=\"1024\" src=\"https:\/\/chansmachining.com\/wp-content\/uploads\/2025\/01\/uv-damaged-plastic-768x1024.jpg\" alt=\"uv s&#xE9;r&#xFC;lt m&#x171;anyag\" class=\"wp-image-26058\" style=\"width:252px;height:auto\" srcset=\"https:\/\/chansmachining.com\/wp-content\/uploads\/2025\/01\/uv-damaged-plastic-768x1024.jpg 768w, https:\/\/chansmachining.com\/wp-content\/uploads\/2025\/01\/uv-damaged-plastic-225x300.jpg 225w, https:\/\/chansmachining.com\/wp-content\/uploads\/2025\/01\/uv-damaged-plastic-1152x1536.jpg 1152w, https:\/\/chansmachining.com\/wp-content\/uploads\/2025\/01\/uv-damaged-plastic-1536x2048.jpg 1536w, https:\/\/chansmachining.com\/wp-content\/uploads\/2025\/01\/uv-damaged-plastic-scaled.jpg 1920w\" sizes=\"(max-width: 768px) 100vw, 768px\" \/><\/figure><\/div>\n<p>Az UV-\u00e1ll\u00f3 polimerekb\u0151l k\u00e9sz\u00fclt k\u00fclt\u00e9ri b\u00fatorok m\u00e9g k\u00f6zvetlen naps\u00fct\u00e9snek kit\u00e9ve is tov\u00e1bb \u00e9lnek, \u00e9s a jobb tart\u00f3ss\u00e1gnak \u00e9s sz\u00ednmeg\u0151rz\u00e9snek k\u00f6sz\u00f6nhet\u0151en hosszabb ideig meg\u0151rzik sz\u00edn\u00fcket. Emiatt \u00e9sszer\u0171 v\u00e1laszt\u00e1s a teraszgarnit\u00far\u00e1k, kerti sz\u00e9kek \u00e9s m\u00e1s k\u00fclt\u00e9ri b\u00fatorok eset\u00e9ben.<\/p>\n\n<h3 class=\"wp-block-heading\" id=\"A36z-1735988521651\"><strong>Ipari alkalmaz\u00e1sok<\/strong><\/h3>\n\n<h4 class=\"wp-block-heading\" id=\"8fPd-1735988521651\"><strong>Elektromos burkolatok \u00e9s alkatr\u00e9szek<\/strong><\/h4>\n\n<p>Az UV-\u00e1ll\u00f3 polimerek elengedhetetlenek a k\u00fclt\u00e9ren haszn\u00e1lt elektromos burkolatok \u00e9s alkatr\u00e9szek eset\u00e9ben. Ezek a burkolatok megv\u00e9dik az \u00e9rz\u00e9keny elektronik\u00e1t az olyan k\u00fcls\u0151 elemekt\u0151l, mint az UV-sug\u00e1rz\u00e1s, az es\u0151 \u00e9s a por, biztos\u00edtva az elektromos berendez\u00e9sek megb\u00edzhat\u00f3s\u00e1g\u00e1t \u00e9s teljes\u00edtm\u00e9ny\u00e9t.<\/p>\n\n<h4 class=\"wp-block-heading\" id=\"CnTP-1735988521651\"><strong>Marine Equipment<\/strong><\/h4>\n\n<p>Tengeri k\u00f6r\u00fclm\u00e9nyek k\u00f6z\u00f6tt a berendez\u00e9sek nagyfok\u00fa UV-sug\u00e1rz\u00e1snak, s\u00f3s v\u00edznek \u00e9s mar\u00f3 hat\u00e1s\u00fa vegyi anyagoknak vannak kit\u00e9ve. Az UV-\u00e1ll\u00f3 polimereket a haj\u00f3alkatr\u00e9szek, b\u00f3j\u00e1k \u00e9s m\u00e1s tengeri felszerel\u00e9sek eset\u00e9ben haszn\u00e1lj\u00e1k, hogy szil\u00e1rds\u00e1got \u00e9s tart\u00f3ss\u00e1got biztos\u00edtsanak, mik\u00f6zben megakad\u00e1lyozz\u00e1k az UV k\u00e1rosod\u00e1st \u00e9s a korr\u00f3zi\u00f3t.<\/p>\n\n<h4 class=\"wp-block-heading\" id=\"Ho7K-1735988521651\"><strong>Napelemek alkatr\u00e9szei<\/strong><\/h4>\n\n<p>Az UV-\u00e1ll\u00f3 polimerek kritikus fontoss\u00e1g\u00faak a napelem-elemek alkatr\u00e9szeinek gy\u00e1rt\u00e1s\u00e1ban, mivel megv\u00e9dik a fotovoltaikus cell\u00e1kat az UV k\u00e1rosod\u00e1st\u00f3l, lehet\u0151v\u00e9 t\u00e9ve sz\u00e1mukra, hogy id\u0151vel meg\u0151rizz\u00e9k energia\u00e1talak\u00edt\u00e1si hat\u00e9konys\u00e1gukat, \u00e9s meghosszabb\u00edts\u00e1k m\u0171k\u00f6d\u00e9si \u00e9lettartamukat.<\/p>\n\n<h3 class=\"wp-block-heading\" id=\"BQdQ-1735988521651\"><strong>Alkalmaz\u00e1sok az egyedi gy\u00e1rt\u00e1sban<\/strong><\/h3>\n\n<h4 class=\"wp-block-heading\" id=\"xyxe-1735988521651\"><strong>Haszn\u00e1lat a 3D nyomtat\u00e1sban<\/strong><\/h4>\n\n<p>Az UV-\u00e1ll\u00f3 anyagok, bele\u00e9rtve a speci\u00e1lisan el\u0151k\u00e9sz\u00edtett gyant\u00e1kat \u00e9s sz\u00e1lakat, m\u00e1r el\u00e9rhet\u0151ek a 3D nyomtat\u00e1shoz, lehet\u0151v\u00e9 t\u00e9ve a gy\u00e1rt\u00f3k sz\u00e1m\u00e1ra, hogy egyedi k\u00fclt\u00e9ri alkatr\u00e9szeket hozzanak l\u00e9tre. Ezek az anyagok lehet\u0151v\u00e9 teszik olyan alkatr\u00e9szek l\u00e9trehoz\u00e1s\u00e1t, amelyek nemcsak nap\u00e1ll\u00f3ak, hanem egyedi gy\u00e1rt\u00e1s\u00faak is, \u00e9s gyakran haszn\u00e1lj\u00e1k fel \u00fajszer\u0171 alkatr\u00e9szek gyors protot\u00edpus\u00e1nak elk\u00e9sz\u00edt\u00e9s\u00e9re.<\/p>\n\n<h4 class=\"wp-block-heading\" id=\"Vou2-1735988521651\"><strong>Haszn\u00e1lat a fr\u00f6ccs\u00f6nt\u00e9sben<\/strong><\/h4>\n\n<p>A fr\u00f6ccs\u00f6nt\u00e9s k\u00fcl\u00f6nb\u00f6z\u0151 UV-\u00e1ll\u00f3 polimereket alkalmaz \u00f6sszetett alkatr\u00e9szek k\u00e9sz\u00edt\u00e9s\u00e9hez olyan \u00e1gazatokban, amelyek nagyfok\u00fa pontoss\u00e1got \u00e9s tart\u00f3ss\u00e1got ig\u00e9nyelnek, p\u00e9ld\u00e1ul az aut\u00f3iparban \u00e9s a rep\u00fcl\u0151g\u00e9piparban, ahol az UV-v\u00e9delem kritikus fontoss\u00e1g\u00fa a napf\u00e9nynek kitett k\u00fcls\u0151 alkatr\u00e9szek eset\u00e9ben.<\/p>\n\n<h4 class=\"wp-block-heading\" id=\"NJw2-1735988521651\"><strong>CNC megmunk\u00e1l\u00e1sban val\u00f3 felhaszn\u00e1l\u00e1s<\/strong><\/h4>\n\n<p>Az UV-\u00e1ll\u00f3 m\u0171anyag lapokat \u00e9s rudakat CNC megmunk\u00e1l\u00e1sban is felhaszn\u00e1lj\u00e1k egyedi term\u00e9kek el\u0151\u00e1ll\u00edt\u00e1s\u00e1hoz. Ez lehet\u0151v\u00e9 teszi a szigor\u00fa t\u0171r\u00e9shat\u00e1rokkal \u00e9s bonyolult form\u00e1kkal rendelkez\u0151 alkatr\u00e9szek gy\u00e1rt\u00e1s\u00e1t, amelyeknek bizonyos alkalmaz\u00e1sokban val\u00f3 felhaszn\u00e1l\u00e1s\u00e1hoz tart\u00f3ss\u00e1gra \u00e9s UV-\u00e1ll\u00f3s\u00e1gra van sz\u00fcks\u00e9g\u00fck.<\/p>\n\n<h2 class=\"wp-block-heading\" id=\"qC5F-1735988521651\"><strong>A m\u0171anyagok UV-ellen\u00e1ll\u00f3s\u00e1g\u00e1nak jav\u00edt\u00e1sa<\/strong><\/h2>\n\n<h3 class=\"wp-block-heading\" id=\"iiZT-1735988521651\"><strong>UV stabiliz\u00e1torok \u00e9s adal\u00e9kanyagok<\/strong><\/h3>\n\n<h4 class=\"wp-block-heading\" id=\"KoL8-1735988521651\"><strong>Az UV-stabiliz\u00e1torok k\u00fcl\u00f6nb\u00f6z\u0151 t\u00edpusai<\/strong><\/h4>\n\n<p>Az UV-abszorbensek, az akad\u00e1lyozott amin-f\u00e9nystabiliz\u00e1torok (HALS) \u00e9s az antioxid\u00e1nsok n\u00e9h\u00e1ny olyan UV-stabiliz\u00e1tor, amelyet a polimerek UV-sug\u00e1rz\u00e1ssal szembeni ellen\u00e1ll\u00f3 k\u00e9pess\u00e9g\u00fck n\u00f6vel\u00e9se \u00e9rdek\u00e9ben alkalmazhatunk. A stabiliz\u00e1torok mindegyike m\u00e1sk\u00e9pp m\u0171k\u00f6dik, \u00e9s \u00f6nmagukban vagy kombin\u00e1lva is alkalmazhat\u00f3k a maxim\u00e1lis UV-v\u00e9delem biztos\u00edt\u00e1sa \u00e9rdek\u00e9ben.<\/p>\n\n<h4 class=\"wp-block-heading\" id=\"nM9V-1735988521651\"><strong>Hogyan n\u00f6velik az adal\u00e9kanyagok az UV-ellen\u00e1ll\u00e1st\uff1f<\/strong><\/h4>\n\n<p>Az adal\u00e9kanyagok jav\u00edtj\u00e1k az UV-ellen\u00e1ll\u00f3s\u00e1got az\u00e1ltal, hogy vagy elnyelik a k\u00e1ros UV-sug\u00e1rz\u00e1st (UV-abszorberek), vagy elnyelik a m\u0171anyag polimerek UV-f\u00e9ny \u00e1ltali lebont\u00e1sakor keletkez\u0151 szabad gy\u00f6k\u00f6ket (HALS \u00e9s antioxid\u00e1nsok). Ezek a vegyi anyagok hozz\u00e1j\u00e1rulnak a szerkezeti integrit\u00e1shoz \u00e9s megakad\u00e1lyozz\u00e1k a m\u0171anyag k\u00e1rosod\u00e1s\u00e1t.<\/p>\n\n<h3 class=\"wp-block-heading\" id=\"u80g-1735988521651\"><strong>Fel\u00fcletkezel\u00e9sek \u00e9s bevonatok<\/strong><\/h3>\n\n<h4 class=\"wp-block-heading\" id=\"N2P8-1735988521651\"><strong>V\u00e9d\u0151bevonatok a hozz\u00e1adott UV-v\u00e9delem\u00e9rt<\/strong><\/h4>\n\n<p>A bevonatok \u00e9s egy\u00e9b fel\u00fcletkezel\u00e9sek tov\u00e1bbi UV-v\u00e9delmet biztos\u00edthatnak. A k\u00fclt\u00e9ri alkalmaz\u00e1sokban haszn\u00e1lt m\u0171anyag t\u00e1rgyak \u00e9lettartama n\u00f6velhet\u0151 ezeknek a bevonatoknak az alkalmaz\u00e1s\u00e1val, amelyek UV-abszorbereket \u00e9s blokkol\u00f3kat tartalmazhatnak, amelyek visszaverik vagy elnyelik az UV-f\u00e9nyt.<\/p>\n\n<h3 class=\"wp-block-heading\" id=\"4zwv-1735988521651\"><strong>Az anyagv\u00e1laszt\u00e1s \u00e9s a tervez\u00e9s szempontjai<\/strong><\/h3>\n\n<h4 class=\"wp-block-heading\" id=\"RCU8-1735988521651\"><strong>A legjobb gyakorlatok az UV-\u00e1ll\u00f3 alkatr\u00e9szek tervez\u00e9s\u00e9hez<\/strong><\/h4>\n\n<p>A megfelel\u0151 anyagok kiv\u00e1laszt\u00e1sa kulcsfontoss\u00e1g\u00fa az UV-\u00e1ll\u00f3 alkatr\u00e9szek k\u00e9sz\u00edt\u00e9sekor. A tervez\u0151knek figyelembe kell venni\u00fck a m\u0171k\u00f6d\u00e9si k\u00f6rnyezetet, a term\u00e9k v\u00e1rhat\u00f3 \u00e9lettartam\u00e1t \u00e9s az alkalmaz\u00e1s k\u00fcl\u00f6nleges UV-ellen\u00e1ll\u00e1si k\u00f6vetelm\u00e9nyeit. A m\u0171anyag alkatr\u00e9szek UV-k\u00e1rosod\u00e1sa jelent\u0151sen cs\u00f6kkenthet\u0151 megfelel\u0151 szell\u0151z\u00e9ssel, f\u00e9nysz\u00f6gekkel \u00e9s alacsony expoz\u00edci\u00f3val.<\/p>\n\n<h2 class=\"wp-block-heading\" id=\"oimb-1735988521651\"><strong>Az UV-\u00e1ll\u00f3 m\u0171anyagok haszn\u00e1lat\u00e1nak el\u0151nyei<\/strong><\/h2>\n\n<h3 class=\"wp-block-heading\" id=\"MzPX-1735988521651\"><strong>cs\u00f6kkentett karbantart\u00e1si \u00e9s cserek\u00f6lts\u00e9gek<\/strong><\/h3>\n\n<p>Ha UV-\u00e1ll\u00f3 polimereket haszn\u00e1lnak, az elemek hosszabb ideig b\u00edrj\u00e1k, \u00e9s kevesebb rendszeres karbantart\u00e1st \u00e9s cser\u00e9t ig\u00e9nyelnek. A term\u00e9k karbantart\u00e1s\u00e1val kapcsolatos munkaer\u0151, anyagok \u00e9s \u00e1ll\u00e1sid\u0151 cs\u00f6kkent\u00e9s\u00e9vel ez v\u00e9gs\u0151 soron k\u00f6lts\u00e9gmegtakar\u00edt\u00e1st eredm\u00e9nyez.<\/p>\n\n<h3 class=\"wp-block-heading\" id=\"32c9-1735988521651\"><strong>Konzisztens anyagtulajdons\u00e1gok<\/strong><\/h3>\n\n<p>Az UV-\u00e1ll\u00f3 polimerek meg\u00e1ll\u00edtj\u00e1k a fakul\u00e1s, a s\u00e1rgul\u00e1s \u00e9s a szerkezeti roml\u00e1s folyamat\u00e1t, meg\u0151rizve a term\u00e9k megjelen\u00e9s\u00e9t \u00e9s funkcionalit\u00e1s\u00e1t. A t\u00e1rgyak eg\u00e9sz \u00e9lettartamuk alatt tov\u00e1bbra is j\u00f3l fognak kin\u00e9zni \u00e9s rendeltet\u00e9sszer\u0171en fognak m\u0171k\u00f6dni, felt\u00e9ve, hogy az anyagmin\u0151s\u00e9geket k\u00f6vetkezetesen fenntartj\u00e1k.<\/p>\n\n<h3 class=\"wp-block-heading\" id=\"MgM6-1735988521651\"><strong>El\u0151s\u00edtett term\u00e9kmegb\u00edzhat\u00f3s\u00e1g<\/strong><\/h3>\n\n<p>A gy\u00e1rt\u00f3k az UV-\u00e1ll\u00f3 polimerek haszn\u00e1lat\u00e1val garant\u00e1lj\u00e1k term\u00e9keik folyamatos m\u0171k\u00f6d\u00e9s\u00e9t az id\u0151k folyam\u00e1n. Ezek a polimerek cs\u00f6kkentik az anyaghiba es\u00e9ly\u00e9t, \u00e9s folyamatos megb\u00edzhat\u00f3s\u00e1got biztos\u00edtanak m\u00e9g kih\u00edv\u00e1st jelent\u0151 k\u00fclt\u00e9ri k\u00f6r\u00fclm\u00e9nyek k\u00f6z\u00f6tt is, mivel megv\u00e9dik az \u00e1rucikkeket az UV-sug\u00e1rz\u00e1s k\u00e1ros hat\u00e1sait\u00f3l.<\/p>\n\n<h2 class=\"wp-block-heading\" id=\"SS1j-1735988521651\"><strong>K\u00f6vetkeztet\u00e9s<\/strong><\/h2>\n\n<p>A napf\u00e9nynek vagy UV-sug\u00e1rz\u00e1snak kitett term\u00e9keknek UV-\u00e1ll\u00f3 polimerekre van sz\u00fcks\u00e9g\u00fck. Ezek az anyagok ellen\u00e1llnak a roml\u00e1snak, az elsz\u00ednez\u0151d\u00e9snek \u00e9s a szerkezeti gyenges\u00e9gnek, meg\u0151rizve a term\u00e9k teljes\u00edtm\u00e9ny\u00e9t \u00e9s megjelen\u00e9s\u00e9t.<br\/><br\/>A term\u00e9k \u00e9lettartama \u00e9s megb\u00edzhat\u00f3s\u00e1ga az UV-\u00e1ll\u00f3 anyag kiv\u00e1laszt\u00e1s\u00e1t\u00f3l f\u00fcgg. Az UV-\u00e1ll\u00f3 polimerek minimaliz\u00e1lj\u00e1k a hullad\u00e9k mennyis\u00e9g\u00e9t \u00e9s fenntarthat\u00f3bb \u00e1rukat \u00e1ll\u00edtanak el\u0151 sz\u00e1mos \u00e1gazatban, t\u00f6bbek k\u00f6z\u00f6tt az aut\u00f3iparban, a mez\u0151gazdas\u00e1gban \u00e9s az \u00e9p\u00edt\u0151iparban.<br\/><br\/>A megfelel\u0151 anyag kiv\u00e1laszt\u00e1sa az alkalmaz\u00e1shoz neh\u00e9z lehet, de az UV-\u00e1ll\u00f3 polimerek hatalmas el\u0151ny\u00f6kkel j\u00e1rhatnak egyes \u00e1ruk eset\u00e9ben. Vegye figyelembe az ebben az \u00fatmutat\u00f3ban szerepl\u0151 krit\u00e9riumokat, hogy a legmegfelel\u0151bb d\u00f6nt\u00e9st hozza meg a hosszabb \u00e9lettartam\u00fa term\u00e9k \u00e9rdek\u00e9ben.<\/p>\n\n<h2 class=\"wp-block-heading\" id=\"AGPs-1735988521651\"><strong>K\u00e9rd\u00e9sek<\/strong><\/h2>\n\n<h3 class=\"wp-block-heading\" id=\"aKOu-1735988521651\"><strong>Hogyan tesztelj\u00fck az UV-ellen\u00e1ll\u00e1st?<\/strong><\/h3>\n\n<p>A m\u0171anyagmint\u00e1kat ellen\u0151rz\u00f6tt UV-f\u00e9nynek teszik ki, \u00e9s megm\u00e9rik a megjelen\u00e9st, a mechanikai szil\u00e1rds\u00e1got \u00e9s m\u00e1s tulajdons\u00e1gokat az UV-ellen\u00e1ll\u00e1s meghat\u00e1roz\u00e1s\u00e1hoz. Az ISO 4892 \u00e9s az ASTM G154 szabv\u00e1ny szerinti vizsg\u00e1latok \u00f6sszehasonl\u00edtj\u00e1k a polimereket, \u00e9s meghat\u00e1rozz\u00e1k az UV-\u00e1ll\u00f3s\u00e1got.<\/p>\n\n<h3 class=\"wp-block-heading\" id=\"fuDp-1735988521651\"><strong>Mi az UV-\u00e1ll\u00f3 m\u0171anyag \u00e9lettartama?<\/strong><\/h3>\n\n<p>Az UV-\u00e1ll\u00f3 m\u0171anyag \u00e9lettartama a fajt\u00e1t\u00f3l, az UV intenzit\u00e1st\u00f3l \u00e9s a k\u00f6rnyezeti k\u00f6r\u00fclm\u00e9nyekt\u0151l f\u00fcgg. A megfelel\u0151 anyagv\u00e1laszt\u00e1s \u00e9s az UV-stabiliz\u00e1torok \u00e9vtizedekkel meghosszabb\u00edthatj\u00e1k a m\u0171anyag term\u00e9kek \u00e9lettartam\u00e1t.<\/p>\n\n<h3 class=\"wp-block-heading\" id=\"9KTp-1735988521651\"><strong>Az UV-\u00e1ll\u00f3 m\u0171anyagok k\u00f6rnyezetbar\u00e1tok?<\/strong><\/h3>\n\n<p>A cs\u00f6kkentett csere \u00e9s hullad\u00e9kmennyis\u00e9g az UV-\u00e1ll\u00f3 polimereket k\u00f6rnyezetbar\u00e1tabb\u00e1 teszi. A k\u00fclt\u00e9ri t\u00e1rgyak fenntarthat\u00f3bb\u00e1 t\u00e9tele \u00e9rdek\u00e9ben sz\u00e1mos k\u00f6rnyezetbar\u00e1t alternat\u00edv\u00e1t hoznak l\u00e9tre, el\u0151seg\u00edtve a m\u0171anyagok k\u00f6rnyezeti felel\u0151ss\u00e9g\u00e9t.<\/p>\n","protected":false},"excerpt":{"rendered":"<p>Megfigyelte m\u00e1r, hogy a napon hagyott m\u0171anyag term\u00e9kek hogyan t\u00f6r\u00e9kenyek, elsz\u00ednez\u0151dnek, vagy ak\u00e1r meg is repedhetnek? Ez az ultraibolya (UV) sug\u00e1rz\u00e1s negat\u00edv hat\u00e1sainak k\u00f6sz\u00f6nhet\u0151. Mi lenne, ha l\u00e9tezne egy m\u00f3dszer arra, hogy a polimereket robusztusabb\u00e1 \u00e9s ellen\u00e1ll\u00f3bb\u00e1 tegy\u00fck ezekkel a k\u00e1ros sugarakkal szemben? Ilyenkor j\u00f6nnek j\u00f3l az UV-\u00e1ll\u00f3 polimerek.<\/p>\n","protected":false},"author":1,"featured_media":26002,"comment_status":"closed","ping_status":"closed","sticky":false,"template":"","format":"standard","meta":{"footnotes":""},"categories":[39],"tags":[],"class_list":["post-26153","post","type-post","status-publish","format-standard","has-post-thumbnail","hentry","category-uncategorized-hu"],"yoast_head":"<!-- This site is optimized with the Yoast SEO plugin v26.8 - https:\/\/yoast.com\/product\/yoast-seo-wordpress\/ -->\n<title>Az UV-\u00e1ll\u00f3 m\u0171anyagok v\u00e9gs\u0151 \u00fatmutat\u00f3ja: Anyagok, tulajdons\u00e1gok \u00e9s alkalmaz\u00e1sok - ChansMachining<\/title>\n<meta name=\"robots\" content=\"index, follow, max-snippet:-1, max-image-preview:large, max-video-preview:-1\" \/>\n<link rel=\"canonical\" href=\"https:\/\/chansmachining.com\/hu\/az-uv-allo-muanyagok-vegso-utmutatoja-anyagok-tulajdonsagok-es-alkalmazasok\/\" \/>\n<meta property=\"og:locale\" content=\"hu_HU\" \/>\n<meta property=\"og:type\" content=\"article\" \/>\n<meta property=\"og:title\" content=\"Az UV-\u00e1ll\u00f3 m\u0171anyagok v\u00e9gs\u0151 \u00fatmutat\u00f3ja: Anyagok, tulajdons\u00e1gok \u00e9s alkalmaz\u00e1sok - ChansMachining\" \/>\n<meta property=\"og:description\" content=\"Megfigyelte m\u00e1r, hogy a napon hagyott m\u0171anyag term\u00e9kek hogyan t\u00f6r\u00e9kenyek, elsz\u00ednez\u0151dnek, vagy ak\u00e1r meg is repedhetnek? Ez az ultraibolya (UV) sug\u00e1rz\u00e1s negat\u00edv hat\u00e1sainak k\u00f6sz\u00f6nhet\u0151. Mi lenne, ha l\u00e9tezne egy m\u00f3dszer arra, hogy a polimereket robusztusabb\u00e1 \u00e9s ellen\u00e1ll\u00f3bb\u00e1 tegy\u00fck ezekkel a k\u00e1ros sugarakkal szemben? Ilyenkor j\u00f6nnek j\u00f3l az UV-\u00e1ll\u00f3 polimerek.\" \/>\n<meta property=\"og:url\" content=\"https:\/\/chansmachining.com\/hu\/az-uv-allo-muanyagok-vegso-utmutatoja-anyagok-tulajdonsagok-es-alkalmazasok\/\" \/>\n<meta property=\"og:site_name\" content=\"ChansMachining\" \/>\n<meta property=\"article:published_time\" content=\"2025-01-04T11:12:56+00:00\" \/>\n<meta property=\"article:modified_time\" content=\"2025-01-04T11:29:45+00:00\" \/>\n<meta property=\"og:image\" content=\"https:\/\/chansmachining.com\/wp-content\/uploads\/2025\/01\/UV-Resistant-Plastics.jpg\" \/>\n\t<meta property=\"og:image:width\" content=\"700\" \/>\n\t<meta property=\"og:image:height\" content=\"276\" \/>\n\t<meta property=\"og:image:type\" content=\"image\/jpeg\" \/>\n<meta name=\"author\" content=\"ChansMachining\" \/>\n<meta name=\"twitter:card\" content=\"summary_large_image\" \/>\n<meta name=\"twitter:label1\" content=\"Szerz\u0151:\" \/>\n\t<meta name=\"twitter:data1\" content=\"ChansMachining\" \/>\n\t<meta name=\"twitter:label2\" content=\"Becs\u00fclt olvas\u00e1si id\u0151\" \/>\n\t<meta name=\"twitter:data2\" content=\"18 perc\" \/>\n<script type=\"application\/ld+json\" class=\"yoast-schema-graph\">{\"@context\":\"https:\/\/schema.org\",\"@graph\":[{\"@type\":\"Article\",\"@id\":\"https:\/\/chansmachining.com\/hu\/az-uv-allo-muanyagok-vegso-utmutatoja-anyagok-tulajdonsagok-es-alkalmazasok\/#article\",\"isPartOf\":{\"@id\":\"https:\/\/chansmachining.com\/hu\/az-uv-allo-muanyagok-vegso-utmutatoja-anyagok-tulajdonsagok-es-alkalmazasok\/\"},\"author\":{\"name\":\"ChansMachining\",\"@id\":\"https:\/\/chansmachining.com\/hu\/#\/schema\/person\/09f020fd65092892083c685ff8819f2b\"},\"headline\":\"Az UV-\u00e1ll\u00f3 m\u0171anyagok v\u00e9gs\u0151 \u00fatmutat\u00f3ja: Anyagok, tulajdons\u00e1gok \u00e9s alkalmaz\u00e1sok\",\"datePublished\":\"2025-01-04T11:12:56+00:00\",\"dateModified\":\"2025-01-04T11:29:45+00:00\",\"mainEntityOfPage\":{\"@id\":\"https:\/\/chansmachining.com\/hu\/az-uv-allo-muanyagok-vegso-utmutatoja-anyagok-tulajdonsagok-es-alkalmazasok\/\"},\"wordCount\":3650,\"publisher\":{\"@id\":\"https:\/\/chansmachining.com\/hu\/#organization\"},\"image\":{\"@id\":\"https:\/\/chansmachining.com\/hu\/az-uv-allo-muanyagok-vegso-utmutatoja-anyagok-tulajdonsagok-es-alkalmazasok\/#primaryimage\"},\"thumbnailUrl\":\"https:\/\/chansmachining.com\/wp-content\/uploads\/2025\/01\/UV-Resistant-Plastics.jpg\",\"articleSection\":[\"Uncategorized @hu\"],\"inLanguage\":\"hu\"},{\"@type\":\"WebPage\",\"@id\":\"https:\/\/chansmachining.com\/hu\/az-uv-allo-muanyagok-vegso-utmutatoja-anyagok-tulajdonsagok-es-alkalmazasok\/\",\"url\":\"https:\/\/chansmachining.com\/hu\/az-uv-allo-muanyagok-vegso-utmutatoja-anyagok-tulajdonsagok-es-alkalmazasok\/\",\"name\":\"Az UV-\u00e1ll\u00f3 m\u0171anyagok v\u00e9gs\u0151 \u00fatmutat\u00f3ja: Anyagok, tulajdons\u00e1gok \u00e9s alkalmaz\u00e1sok - ChansMachining\",\"isPartOf\":{\"@id\":\"https:\/\/chansmachining.com\/hu\/#website\"},\"primaryImageOfPage\":{\"@id\":\"https:\/\/chansmachining.com\/hu\/az-uv-allo-muanyagok-vegso-utmutatoja-anyagok-tulajdonsagok-es-alkalmazasok\/#primaryimage\"},\"image\":{\"@id\":\"https:\/\/chansmachining.com\/hu\/az-uv-allo-muanyagok-vegso-utmutatoja-anyagok-tulajdonsagok-es-alkalmazasok\/#primaryimage\"},\"thumbnailUrl\":\"https:\/\/chansmachining.com\/wp-content\/uploads\/2025\/01\/UV-Resistant-Plastics.jpg\",\"datePublished\":\"2025-01-04T11:12:56+00:00\",\"dateModified\":\"2025-01-04T11:29:45+00:00\",\"breadcrumb\":{\"@id\":\"https:\/\/chansmachining.com\/hu\/az-uv-allo-muanyagok-vegso-utmutatoja-anyagok-tulajdonsagok-es-alkalmazasok\/#breadcrumb\"},\"inLanguage\":\"hu\",\"potentialAction\":[{\"@type\":\"ReadAction\",\"target\":[\"https:\/\/chansmachining.com\/hu\/az-uv-allo-muanyagok-vegso-utmutatoja-anyagok-tulajdonsagok-es-alkalmazasok\/\"]}]},{\"@type\":\"ImageObject\",\"inLanguage\":\"hu\",\"@id\":\"https:\/\/chansmachining.com\/hu\/az-uv-allo-muanyagok-vegso-utmutatoja-anyagok-tulajdonsagok-es-alkalmazasok\/#primaryimage\",\"url\":\"https:\/\/chansmachining.com\/wp-content\/uploads\/2025\/01\/UV-Resistant-Plastics.jpg\",\"contentUrl\":\"https:\/\/chansmachining.com\/wp-content\/uploads\/2025\/01\/UV-Resistant-Plastics.jpg\",\"width\":700,\"height\":276,\"caption\":\"UV-Resistant Plastics\"},{\"@type\":\"BreadcrumbList\",\"@id\":\"https:\/\/chansmachining.com\/hu\/az-uv-allo-muanyagok-vegso-utmutatoja-anyagok-tulajdonsagok-es-alkalmazasok\/#breadcrumb\",\"itemListElement\":[{\"@type\":\"ListItem\",\"position\":1,\"name\":\"Home\",\"item\":\"https:\/\/chansmachining.com\/hu\/?page_id=8846\"},{\"@type\":\"ListItem\",\"position\":2,\"name\":\"Az UV-\u00e1ll\u00f3 m\u0171anyagok v\u00e9gs\u0151 \u00fatmutat\u00f3ja: Anyagok, tulajdons\u00e1gok \u00e9s alkalmaz\u00e1sok\"}]},{\"@type\":\"WebSite\",\"@id\":\"https:\/\/chansmachining.com\/hu\/#website\",\"url\":\"https:\/\/chansmachining.com\/hu\/\",\"name\":\"ChansMachining\",\"description\":\"Just another WordPress site\",\"publisher\":{\"@id\":\"https:\/\/chansmachining.com\/hu\/#organization\"},\"potentialAction\":[{\"@type\":\"SearchAction\",\"target\":{\"@type\":\"EntryPoint\",\"urlTemplate\":\"https:\/\/chansmachining.com\/hu\/?s={search_term_string}\"},\"query-input\":{\"@type\":\"PropertyValueSpecification\",\"valueRequired\":true,\"valueName\":\"search_term_string\"}}],\"inLanguage\":\"hu\"},{\"@type\":\"Organization\",\"@id\":\"https:\/\/chansmachining.com\/hu\/#organization\",\"name\":\"ChansMachining\",\"url\":\"https:\/\/chansmachining.com\/hu\/\",\"logo\":{\"@type\":\"ImageObject\",\"inLanguage\":\"hu\",\"@id\":\"https:\/\/chansmachining.com\/hu\/#\/schema\/logo\/image\/\",\"url\":\"https:\/\/chansmachining.com\/wp-content\/uploads\/2021\/07\/Chansmachining.com_.png\",\"contentUrl\":\"https:\/\/chansmachining.com\/wp-content\/uploads\/2021\/07\/Chansmachining.com_.png\",\"width\":151,\"height\":44,\"caption\":\"ChansMachining\"},\"image\":{\"@id\":\"https:\/\/chansmachining.com\/hu\/#\/schema\/logo\/image\/\"}},{\"@type\":\"Person\",\"@id\":\"https:\/\/chansmachining.com\/hu\/#\/schema\/person\/09f020fd65092892083c685ff8819f2b\",\"name\":\"ChansMachining\",\"image\":{\"@type\":\"ImageObject\",\"inLanguage\":\"hu\",\"@id\":\"https:\/\/chansmachining.com\/hu\/#\/schema\/person\/image\/\",\"url\":\"https:\/\/secure.gravatar.com\/avatar\/b5ae01df348e57cb16805d179aea5d68?s=96&d=mm&r=g\",\"contentUrl\":\"https:\/\/secure.gravatar.com\/avatar\/b5ae01df348e57cb16805d179aea5d68?s=96&d=mm&r=g\",\"caption\":\"ChansMachining\"},\"sameAs\":[\"https:\/\/chansmachining.com\"],\"url\":\"https:\/\/chansmachining.com\/hu\/author\/vickers86\/\"}]}<\/script>\n<!-- \/ Yoast SEO plugin. -->","yoast_head_json":{"title":"Az UV-\u00e1ll\u00f3 m\u0171anyagok v\u00e9gs\u0151 \u00fatmutat\u00f3ja: Anyagok, tulajdons\u00e1gok \u00e9s alkalmaz\u00e1sok - ChansMachining","robots":{"index":"index","follow":"follow","max-snippet":"max-snippet:-1","max-image-preview":"max-image-preview:large","max-video-preview":"max-video-preview:-1"},"canonical":"https:\/\/chansmachining.com\/hu\/az-uv-allo-muanyagok-vegso-utmutatoja-anyagok-tulajdonsagok-es-alkalmazasok\/","og_locale":"hu_HU","og_type":"article","og_title":"Az UV-\u00e1ll\u00f3 m\u0171anyagok v\u00e9gs\u0151 \u00fatmutat\u00f3ja: Anyagok, tulajdons\u00e1gok \u00e9s alkalmaz\u00e1sok - ChansMachining","og_description":"Megfigyelte m\u00e1r, hogy a napon hagyott m\u0171anyag term\u00e9kek hogyan t\u00f6r\u00e9kenyek, elsz\u00ednez\u0151dnek, vagy ak\u00e1r meg is repedhetnek? Ez az ultraibolya (UV) sug\u00e1rz\u00e1s negat\u00edv hat\u00e1sainak k\u00f6sz\u00f6nhet\u0151. Mi lenne, ha l\u00e9tezne egy m\u00f3dszer arra, hogy a polimereket robusztusabb\u00e1 \u00e9s ellen\u00e1ll\u00f3bb\u00e1 tegy\u00fck ezekkel a k\u00e1ros sugarakkal szemben? Ilyenkor j\u00f6nnek j\u00f3l az UV-\u00e1ll\u00f3 polimerek.","og_url":"https:\/\/chansmachining.com\/hu\/az-uv-allo-muanyagok-vegso-utmutatoja-anyagok-tulajdonsagok-es-alkalmazasok\/","og_site_name":"ChansMachining","article_published_time":"2025-01-04T11:12:56+00:00","article_modified_time":"2025-01-04T11:29:45+00:00","og_image":[{"width":700,"height":276,"url":"https:\/\/chansmachining.com\/wp-content\/uploads\/2025\/01\/UV-Resistant-Plastics.jpg","type":"image\/jpeg"}],"author":"ChansMachining","twitter_card":"summary_large_image","twitter_misc":{"Szerz\u0151:":"ChansMachining","Becs\u00fclt olvas\u00e1si id\u0151":"18 perc"},"schema":{"@context":"https:\/\/schema.org","@graph":[{"@type":"Article","@id":"https:\/\/chansmachining.com\/hu\/az-uv-allo-muanyagok-vegso-utmutatoja-anyagok-tulajdonsagok-es-alkalmazasok\/#article","isPartOf":{"@id":"https:\/\/chansmachining.com\/hu\/az-uv-allo-muanyagok-vegso-utmutatoja-anyagok-tulajdonsagok-es-alkalmazasok\/"},"author":{"name":"ChansMachining","@id":"https:\/\/chansmachining.com\/hu\/#\/schema\/person\/09f020fd65092892083c685ff8819f2b"},"headline":"Az UV-\u00e1ll\u00f3 m\u0171anyagok v\u00e9gs\u0151 \u00fatmutat\u00f3ja: Anyagok, tulajdons\u00e1gok \u00e9s alkalmaz\u00e1sok","datePublished":"2025-01-04T11:12:56+00:00","dateModified":"2025-01-04T11:29:45+00:00","mainEntityOfPage":{"@id":"https:\/\/chansmachining.com\/hu\/az-uv-allo-muanyagok-vegso-utmutatoja-anyagok-tulajdonsagok-es-alkalmazasok\/"},"wordCount":3650,"publisher":{"@id":"https:\/\/chansmachining.com\/hu\/#organization"},"image":{"@id":"https:\/\/chansmachining.com\/hu\/az-uv-allo-muanyagok-vegso-utmutatoja-anyagok-tulajdonsagok-es-alkalmazasok\/#primaryimage"},"thumbnailUrl":"https:\/\/chansmachining.com\/wp-content\/uploads\/2025\/01\/UV-Resistant-Plastics.jpg","articleSection":["Uncategorized @hu"],"inLanguage":"hu"},{"@type":"WebPage","@id":"https:\/\/chansmachining.com\/hu\/az-uv-allo-muanyagok-vegso-utmutatoja-anyagok-tulajdonsagok-es-alkalmazasok\/","url":"https:\/\/chansmachining.com\/hu\/az-uv-allo-muanyagok-vegso-utmutatoja-anyagok-tulajdonsagok-es-alkalmazasok\/","name":"Az UV-\u00e1ll\u00f3 m\u0171anyagok v\u00e9gs\u0151 \u00fatmutat\u00f3ja: Anyagok, tulajdons\u00e1gok \u00e9s alkalmaz\u00e1sok - ChansMachining","isPartOf":{"@id":"https:\/\/chansmachining.com\/hu\/#website"},"primaryImageOfPage":{"@id":"https:\/\/chansmachining.com\/hu\/az-uv-allo-muanyagok-vegso-utmutatoja-anyagok-tulajdonsagok-es-alkalmazasok\/#primaryimage"},"image":{"@id":"https:\/\/chansmachining.com\/hu\/az-uv-allo-muanyagok-vegso-utmutatoja-anyagok-tulajdonsagok-es-alkalmazasok\/#primaryimage"},"thumbnailUrl":"https:\/\/chansmachining.com\/wp-content\/uploads\/2025\/01\/UV-Resistant-Plastics.jpg","datePublished":"2025-01-04T11:12:56+00:00","dateModified":"2025-01-04T11:29:45+00:00","breadcrumb":{"@id":"https:\/\/chansmachining.com\/hu\/az-uv-allo-muanyagok-vegso-utmutatoja-anyagok-tulajdonsagok-es-alkalmazasok\/#breadcrumb"},"inLanguage":"hu","potentialAction":[{"@type":"ReadAction","target":["https:\/\/chansmachining.com\/hu\/az-uv-allo-muanyagok-vegso-utmutatoja-anyagok-tulajdonsagok-es-alkalmazasok\/"]}]},{"@type":"ImageObject","inLanguage":"hu","@id":"https:\/\/chansmachining.com\/hu\/az-uv-allo-muanyagok-vegso-utmutatoja-anyagok-tulajdonsagok-es-alkalmazasok\/#primaryimage","url":"https:\/\/chansmachining.com\/wp-content\/uploads\/2025\/01\/UV-Resistant-Plastics.jpg","contentUrl":"https:\/\/chansmachining.com\/wp-content\/uploads\/2025\/01\/UV-Resistant-Plastics.jpg","width":700,"height":276,"caption":"UV-Resistant Plastics"},{"@type":"BreadcrumbList","@id":"https:\/\/chansmachining.com\/hu\/az-uv-allo-muanyagok-vegso-utmutatoja-anyagok-tulajdonsagok-es-alkalmazasok\/#breadcrumb","itemListElement":[{"@type":"ListItem","position":1,"name":"Home","item":"https:\/\/chansmachining.com\/hu\/?page_id=8846"},{"@type":"ListItem","position":2,"name":"Az UV-\u00e1ll\u00f3 m\u0171anyagok v\u00e9gs\u0151 \u00fatmutat\u00f3ja: Anyagok, tulajdons\u00e1gok \u00e9s alkalmaz\u00e1sok"}]},{"@type":"WebSite","@id":"https:\/\/chansmachining.com\/hu\/#website","url":"https:\/\/chansmachining.com\/hu\/","name":"ChansMachining","description":"Just another WordPress site","publisher":{"@id":"https:\/\/chansmachining.com\/hu\/#organization"},"potentialAction":[{"@type":"SearchAction","target":{"@type":"EntryPoint","urlTemplate":"https:\/\/chansmachining.com\/hu\/?s={search_term_string}"},"query-input":{"@type":"PropertyValueSpecification","valueRequired":true,"valueName":"search_term_string"}}],"inLanguage":"hu"},{"@type":"Organization","@id":"https:\/\/chansmachining.com\/hu\/#organization","name":"ChansMachining","url":"https:\/\/chansmachining.com\/hu\/","logo":{"@type":"ImageObject","inLanguage":"hu","@id":"https:\/\/chansmachining.com\/hu\/#\/schema\/logo\/image\/","url":"https:\/\/chansmachining.com\/wp-content\/uploads\/2021\/07\/Chansmachining.com_.png","contentUrl":"https:\/\/chansmachining.com\/wp-content\/uploads\/2021\/07\/Chansmachining.com_.png","width":151,"height":44,"caption":"ChansMachining"},"image":{"@id":"https:\/\/chansmachining.com\/hu\/#\/schema\/logo\/image\/"}},{"@type":"Person","@id":"https:\/\/chansmachining.com\/hu\/#\/schema\/person\/09f020fd65092892083c685ff8819f2b","name":"ChansMachining","image":{"@type":"ImageObject","inLanguage":"hu","@id":"https:\/\/chansmachining.com\/hu\/#\/schema\/person\/image\/","url":"https:\/\/secure.gravatar.com\/avatar\/b5ae01df348e57cb16805d179aea5d68?s=96&d=mm&r=g","contentUrl":"https:\/\/secure.gravatar.com\/avatar\/b5ae01df348e57cb16805d179aea5d68?s=96&d=mm&r=g","caption":"ChansMachining"},"sameAs":["https:\/\/chansmachining.com"],"url":"https:\/\/chansmachining.com\/hu\/author\/vickers86\/"}]}},"_links":{"self":[{"href":"https:\/\/chansmachining.com\/hu\/wp-json\/wp\/v2\/posts\/26153","targetHints":{"allow":["GET"]}}],"collection":[{"href":"https:\/\/chansmachining.com\/hu\/wp-json\/wp\/v2\/posts"}],"about":[{"href":"https:\/\/chansmachining.com\/hu\/wp-json\/wp\/v2\/types\/post"}],"author":[{"embeddable":true,"href":"https:\/\/chansmachining.com\/hu\/wp-json\/wp\/v2\/users\/1"}],"replies":[{"embeddable":true,"href":"https:\/\/chansmachining.com\/hu\/wp-json\/wp\/v2\/comments?post=26153"}],"version-history":[{"count":1,"href":"https:\/\/chansmachining.com\/hu\/wp-json\/wp\/v2\/posts\/26153\/revisions"}],"predecessor-version":[{"id":26176,"href":"https:\/\/chansmachining.com\/hu\/wp-json\/wp\/v2\/posts\/26153\/revisions\/26176"}],"wp:featuredmedia":[{"embeddable":true,"href":"https:\/\/chansmachining.com\/hu\/wp-json\/wp\/v2\/media\/26002"}],"wp:attachment":[{"href":"https:\/\/chansmachining.com\/hu\/wp-json\/wp\/v2\/media?parent=26153"}],"wp:term":[{"taxonomy":"category","embeddable":true,"href":"https:\/\/chansmachining.com\/hu\/wp-json\/wp\/v2\/categories?post=26153"},{"taxonomy":"post_tag","embeddable":true,"href":"https:\/\/chansmachining.com\/hu\/wp-json\/wp\/v2\/tags?post=26153"}],"curies":[{"name":"wp","href":"https:\/\/api.w.org\/{rel}","templated":true}]}}